{"id":605,"date":"2022-09-08T12:35:06","date_gmt":"2022-09-08T12:35:06","guid":{"rendered":"https:\/\/motricidade.com\/bocciaescola\/?p=605"},"modified":"2022-09-08T12:35:10","modified_gmt":"2022-09-08T12:35:10","slug":"festa-de-encerramento-da-epoca-desportiva-do-desporto-escolar-boccia-2019","status":"publish","type":"post","link":"https:\/\/motricidade.com\/bocciaescola\/2022\/09\/08\/festa-de-encerramento-da-epoca-desportiva-do-desporto-escolar-boccia-2019\/","title":{"rendered":"Festa de Encerramento da \u00c9poca Desportiva do Desporto Escolar, Boccia &#8211; 2019"},"content":{"rendered":"\n<figure class=\"wp-block-embed is-type-video is-provider-youtube wp-block-embed-youtube wp-embed-aspect-16-9 wp-has-aspect-ratio\"><div class=\"wp-block-embed__wrapper\">\n<div class=\"jetpack-video-wrapper\"><iframe loading=\"lazy\" title=\"Boccia encerramento 2019\" width=\"1170\" height=\"658\" src=\"https:\/\/www.youtube.com\/embed\/_gtKYWRy-hY?feature=oembed\" frameborder=\"0\" allow=\"accelerometer; autoplay; clipboard-write; encrypted-media; gyroscope; picture-in-picture\" allowfullscreen><\/iframe><\/div>\n<\/div><\/figure>\n\n\n\n<p>A Mata Nacional do Choupal, Coimbra recebeu, mais um ano, a FESTA DE ENCERRAMENTO DA \u00c9POCA DESPORTIVA DO DESPORTO ESCOLAR, BOCCIA. Estiveram representadas 11 escolas do distrito de Coimbra, 224 participantes: 130 praticantes da modalidade de BOCCIA, 37 professores (Educa\u00e7\u00e3o F\u00edsica e Educa\u00e7\u00e3o Especial), 8 Professores da Rom\u00e9nia do Erasmus,13 Assistentes Operacionais e 2 Pais e Encarregados de Educa\u00e7\u00e3o.<\/p>\n\n\n\n<p>Colaboraram ainda 27 alunos do Curso Profissional de T\u00e9cnico de Apoio \u00e0 Gest\u00e3o Desportiva da Escola Secund\u00e1ria com 3\u00ba Ciclo D. Dinis, Coimbra e Escola Secund\u00e1ria de Montemor- o -Velho, Agrupamento de Escolas de Montemor-o-Velho) e 7 alunos do Curso Profissional de T\u00e9cnico de Desporto da Escola Secund\u00e1ria Dr. Bernardino Machado, do Agrupamento de Escolas Figueira Mar.<\/p>\n<div class=\"pvc_clear\"><\/div><p id=\"pvc_stats_605\" class=\"pvc_stats all  \" data-element-id=\"605\" style=\"\"><i class=\"pvc-stats-icon medium\" aria-hidden=\"true\"><svg aria-hidden=\"true\" focusable=\"false\" data-prefix=\"far\" data-icon=\"chart-bar\" role=\"img\" xmlns=\"http:\/\/www.w3.org\/2000\/svg\" viewBox=\"0 0 512 512\" class=\"svg-inline--fa fa-chart-bar fa-w-16 fa-2x\"><path fill=\"currentColor\" d=\"M396.8 352h22.4c6.4 0 12.8-6.4 12.8-12.8V108.8c0-6.4-6.4-12.8-12.8-12.8h-22.4c-6.4 0-12.8 6.4-12.8 12.8v230.4c0 6.4 6.4 12.8 12.8 12.8zm-192 0h22.4c6.4 0 12.8-6.4 12.8-12.8V140.8c0-6.4-6.4-12.8-12.8-12.8h-22.4c-6.4 0-12.8 6.4-12.8 12.8v198.4c0 6.4 6.4 12.8 12.8 12.8zm96 0h22.4c6.4 0 12.8-6.4 12.8-12.8V204.8c0-6.4-6.4-12.8-12.8-12.8h-22.4c-6.4 0-12.8 6.4-12.8 12.8v134.4c0 6.4 6.4 12.8 12.8 12.8zM496 400H48V80c0-8.84-7.16-16-16-16H16C7.16 64 0 71.16 0 80v336c0 17.67 14.33 32 32 32h464c8.84 0 16-7.16 16-16v-16c0-8.84-7.16-16-16-16zm-387.2-48h22.4c6.4 0 12.8-6.4 12.8-12.8v-70.4c0-6.4-6.4-12.8-12.8-12.8h-22.4c-6.4 0-12.8 6.4-12.8 12.8v70.4c0 6.4 6.4 12.8 12.8 12.8z\" class=\"\"><\/path><\/svg><\/i> <img loading=\"lazy\" decoding=\"async\" width=\"16\" height=\"16\" alt=\"Loading\" src=\"https:\/\/i0.wp.com\/motricidade.com\/bocciaescola\/wp-content\/plugins\/page-views-count\/ajax-loader-2x.gif?resize=16%2C16&#038;ssl=1\" border=0 data-recalc-dims=\"1\" \/><\/p><div class=\"pvc_clear\"><\/div>","protected":false},"excerpt":{"rendered":"<p>A Mata Nacional do Choupal, Coimbra recebeu, mais um ano, a FESTA DE ENCERRAMENTO DA \u00c9POCA DESPORTIVA DO DESPORTO ESCOLAR, BOCCIA. Estiveram representadas 11 escolas do distrito de Coimbra, 224 participantes: 130 praticantes da modalidade de BOCCIA, 37 professores (Educa\u00e7\u00e3o F\u00edsica e Educa\u00e7\u00e3o Especial), 8 Professores da Rom\u00e9nia do Erasmus,13 Assistentes Operacionais e 2 Pais [&hellip;]<\/p>\n<div class=\"pvc_clear\"><\/div>\n<p id=\"pvc_stats_605\" class=\"pvc_stats all  \" data-element-id=\"605\" style=\"\"><i class=\"pvc-stats-icon medium\" aria-hidden=\"true\"><svg aria-hidden=\"true\" focusable=\"false\" data-prefix=\"far\" data-icon=\"chart-bar\" role=\"img\" xmlns=\"http:\/\/www.w3.org\/2000\/svg\" viewBox=\"0 0 512 512\" class=\"svg-inline--fa fa-chart-bar fa-w-16 fa-2x\"><path fill=\"currentColor\" d=\"M396.8 352h22.4c6.4 0 12.8-6.4 12.8-12.8V108.8c0-6.4-6.4-12.8-12.8-12.8h-22.4c-6.4 0-12.8 6.4-12.8 12.8v230.4c0 6.4 6.4 12.8 12.8 12.8zm-192 0h22.4c6.4 0 12.8-6.4 12.8-12.8V140.8c0-6.4-6.4-12.8-12.8-12.8h-22.4c-6.4 0-12.8 6.4-12.8 12.8v198.4c0 6.4 6.4 12.8 12.8 12.8zm96 0h22.4c6.4 0 12.8-6.4 12.8-12.8V204.8c0-6.4-6.4-12.8-12.8-12.8h-22.4c-6.4 0-12.8 6.4-12.8 12.8v134.4c0 6.4 6.4 12.8 12.8 12.8zM496 400H48V80c0-8.84-7.16-16-16-16H16C7.16 64 0 71.16 0 80v336c0 17.67 14.33 32 32 32h464c8.84 0 16-7.16 16-16v-16c0-8.84-7.16-16-16-16zm-387.2-48h22.4c6.4 0 12.8-6.4 12.8-12.8v-70.4c0-6.4-6.4-12.8-12.8-12.8h-22.4c-6.4 0-12.8 6.4-12.8 12.8v70.4c0 6.4 6.4 12.8 12.8 12.8z\" class=\"\"><\/path><\/svg><\/i> <img loading=\"lazy\" decoding=\"async\" width=\"16\" height=\"16\" alt=\"Loading\" src=\"https:\/\/motricidade.com\/bocciaescola\/wp-content\/plugins\/page-views-count\/ajax-loader-2x.gif\" border=0 \/><\/p>\n<div class=\"pvc_clear\"><\/div>\n","protected":false},"author":1,"featured_media":0,"comment_status":"open","ping_status":"open","sticky":false,"template":"","format":"standard","meta":{"_uag_custom_page_level_css":"","advanced_seo_description":"","jetpack_seo_html_title":"","jetpack_seo_noindex":false,"footnotes":"","jetpack_publicize_message":"","jetpack_is_tweetstorm":false,"jetpack_publicize_feature_enabled":true,"jetpack_social_post_already_shared":true,"jetpack_social_options":{"image_generator_settings":{"template":"highway","enabled":false}}},"categories":[95],"tags":[106,118,113],"class_list":["post-605","post","type-post","status-publish","format-standard","hentry","category-videos-e-fotos","tag-desporto-escolar","tag-festa-de-encerramento","tag-filme"],"jetpack_publicize_connections":[],"jetpack_featured_media_url":"","uagb_featured_image_src":{"full":false,"thumbnail":false,"medium":false,"medium_large":false,"large":false,"1536x1536":false,"2048x2048":false},"uagb_author_info":{"display_name":"motricidade","author_link":"https:\/\/motricidade.com\/bocciaescola\/author\/motricidade\/"},"uagb_comment_info":0,"uagb_excerpt":"A Mata Nacional do Choupal, Coimbra recebeu, mais um ano, a FESTA DE ENCERRAMENTO DA \u00c9POCA DESPORTIVA DO DESPORTO ESCOLAR, BOCCIA. Estiveram representadas 11 escolas do distrito de Coimbra, 224 participantes: 130 praticantes da modalidade de BOCCIA, 37 professores (Educa\u00e7\u00e3o F\u00edsica e Educa\u00e7\u00e3o Especial), 8 Professores da Rom\u00e9nia do Erasmus,13 Assistentes Operacionais e 2 Pais&hellip;","jetpack-related-posts":[],"jetpack_sharing_enabled":true,"_links":{"self":[{"href":"https:\/\/motricidade.com\/bocciaescola\/wp-json\/wp\/v2\/posts\/605","targetHints":{"allow":["GET"]}}],"collection":[{"href":"https:\/\/motricidade.com\/bocciaescola\/wp-json\/wp\/v2\/posts"}],"about":[{"href":"https:\/\/motricidade.com\/bocciaescola\/wp-json\/wp\/v2\/types\/post"}],"author":[{"embeddable":true,"href":"https:\/\/motricidade.com\/bocciaescola\/wp-json\/wp\/v2\/users\/1"}],"replies":[{"embeddable":true,"href":"https:\/\/motricidade.com\/bocciaescola\/wp-json\/wp\/v2\/comments?post=605"}],"version-history":[{"count":1,"href":"https:\/\/motricidade.com\/bocciaescola\/wp-json\/wp\/v2\/posts\/605\/revisions"}],"predecessor-version":[{"id":606,"href":"https:\/\/motricidade.com\/bocciaescola\/wp-json\/wp\/v2\/posts\/605\/revisions\/606"}],"wp:attachment":[{"href":"https:\/\/motricidade.com\/bocciaescola\/wp-json\/wp\/v2\/media?parent=605"}],"wp:term":[{"taxonomy":"category","embeddable":true,"href":"https:\/\/motricidade.com\/bocciaescola\/wp-json\/wp\/v2\/categories?post=605"},{"taxonomy":"post_tag","embeddable":true,"href":"https:\/\/motricidade.com\/bocciaescola\/wp-json\/wp\/v2\/tags?post=605"}],"curies":[{"name":"wp","href":"https:\/\/api.w.org\/{rel}","templated":true}]}}