{"id":857,"date":"2023-12-03T12:04:01","date_gmt":"2023-12-03T12:04:01","guid":{"rendered":"https:\/\/motricidade.com\/bocciaescola\/?p=857"},"modified":"2023-12-03T12:05:41","modified_gmt":"2023-12-03T12:05:41","slug":"manuais-de-atividade-fisica-adaptada","status":"publish","type":"post","link":"https:\/\/motricidade.com\/bocciaescola\/2023\/12\/03\/manuais-de-atividade-fisica-adaptada\/","title":{"rendered":"Manuais de Atividade F\u00edsica Adaptada"},"content":{"rendered":"\n<h4 class=\"wp-block-heading\">Manuais de Atividade F\u00edsica Adaptada<\/h4>\n\n\n\n<p>Esta cole\u00e7\u00e3o procura dar resposta \u00e0 escassez de recursos para profissionais no \u00e2mbito da promo\u00e7\u00e3o da atividade f\u00edsica adaptada, com o objetivo de generalizar o conceito de estilo de vida fisicamente ativo como sinal vital de sa\u00fade e bem-estar.&nbsp;A Professora Doutora Leonor Moniz Pereira, incontorn\u00e1vel especialista nesta \u00e1rea, \u00e9, tal como o PNPAF, a editora desta cole\u00e7\u00e3o que conta com autores chave em cada uma das \u00e1reas.<\/p>\n\n\n\n<p>fonte: DGS.pt<\/p>\n\n\n\n<p><a href=\"https:\/\/www.dgs.pt\/programa-nacional-para-a-promocao-da-atvidade-fisica\/ficheiros-externos-pnpaf\/manual-afadaptada_surdez-pdf.aspx\" target=\"_blank\" rel=\"noreferrer noopener\">Manual de Atividade F\u00edsica Adaptada para Pessoas com Surdez<\/a>&nbsp;<\/p>\n\n\n\n<p><a href=\"https:\/\/www.dgs.pt\/programa-nacional-para-a-promocao-da-atvidade-fisica\/ficheiros-externos-pnpaf\/manual-afadaptada_amputacao-pdf.aspx\" target=\"_blank\" rel=\"noreferrer noopener\">Manual de Atividade F\u00edsica Adaptada para Pessoas com Amputa\u00e7\u00e3o<\/a><\/p>\n\n\n\n<p><a href=\"https:\/\/www.dgs.pt\/programa-nacional-para-a-promocao-da-atvidade-fisica\/ficheiros-externos-pnpaf\/manual-afadaptada_cegueira-pdf.aspx\" target=\"_blank\" rel=\"noreferrer noopener\">Manual de Atividade F\u00edsica Adaptada para Pessoas com Baixa Vis\u00e3o e Cegas<\/a><\/p>\n\n\n\n<p><a href=\"https:\/\/www.dgs.pt\/programa-nacional-para-a-promocao-da-atvidade-fisica\/ficheiros-externos-pnpaf\/manual-afadaptada_desenvolvimentomental-pdf.aspx\" target=\"_blank\" rel=\"noreferrer noopener\">Manual de Atividade F\u00edsica Adaptada para Pessoas com Dificuldade&nbsp;Intelectual e Desenvolvimental&nbsp;<\/a><\/p>\n\n\n\n<p><a href=\"https:\/\/www.dgs.pt\/programa-nacional-para-a-promocao-da-atvidade-fisica\/ficheiros-externos-pnpaf\/manual-afadaptada_medula-pdf.aspx\" target=\"_blank\" rel=\"noreferrer noopener\">Manual de Atividade F\u00edsica Adaptada para Pessoas com Les\u00e3o Medular<\/a><\/p>\n\n\n\n<p><a href=\"https:\/\/www.dgs.pt\/programa-nacional-para-a-promocao-da-atvidade-fisica\/ficheiros-externos-pnpaf\/manual-afadaptada_paralisiacerebral-pdf.aspx\" target=\"_blank\" rel=\"noreferrer noopener\">Manual de Atividade F\u00edsica Adaptada para Pessoas com Paralisia Cerebral<\/a><\/p>\n\n\n\n<p><a href=\"https:\/\/www.dgs.pt\/programa-nacional-para-a-promocao-da-atvidade-fisica\/ficheiros-externos-pnpaf\/manual-afadaptada_autismo-pdf.aspx\" target=\"_blank\" rel=\"noreferrer noopener\">Manual de Atividade F\u00edsica Adaptada para Pessoas com Perturba\u00e7\u00e3o do Espetro do Autismo<\/a><\/p>\n\n\n\n<p><a href=\"https:\/\/www.dgs.pt\/programa-nacional-para-a-promocao-da-atvidade-fisica\/ficheiros-externos-pnpaf\/manual-afadaptada_esquizofrenia-pdf.aspx\" target=\"_blank\" rel=\"noreferrer noopener\">Manual de Atividade F\u00edsica Adaptada para Pessoas com Esquizofrenia<\/a>&nbsp;<\/p>\n\n\n\n<p>Pode ainda assistir ao v\u00eddeo ilustrativo destes materiais clicando&nbsp;<a href=\"https:\/\/youtu.be\/pXueVmpflz4?si=0JA-9RJZNxHMlhg_\" target=\"_blank\" rel=\"noreferrer noopener\">AQUI<\/a>&nbsp;<\/p>\n\n\n\n<div class=\"wp-block-uagb-separator uagb-block-0df11b54\"><div class=\"wp-block-uagb-separator__inner\" style=\"--my-background-image:\"><\/div><\/div>\n\n\n\n<p><a href=\"https:\/\/motricidade.com\/repositorio\/\" target=\"_blank\" rel=\"noreferrer noopener\">Reposit\u00f3rio Motricidade Online [aqui]<\/a><\/p>\n\n\n\n<div class=\"wp-block-uagb-separator uagb-block-07c23fb6\"><div class=\"wp-block-uagb-separator__inner\" style=\"--my-background-image:\"><\/div><\/div>\n<div class=\"pvc_clear\"><\/div><p id=\"pvc_stats_857\" class=\"pvc_stats all  \" data-element-id=\"857\" style=\"\"><i class=\"pvc-stats-icon medium\" aria-hidden=\"true\"><svg aria-hidden=\"true\" focusable=\"false\" data-prefix=\"far\" data-icon=\"chart-bar\" role=\"img\" xmlns=\"http:\/\/www.w3.org\/2000\/svg\" viewBox=\"0 0 512 512\" class=\"svg-inline--fa fa-chart-bar fa-w-16 fa-2x\"><path fill=\"currentColor\" d=\"M396.8 352h22.4c6.4 0 12.8-6.4 12.8-12.8V108.8c0-6.4-6.4-12.8-12.8-12.8h-22.4c-6.4 0-12.8 6.4-12.8 12.8v230.4c0 6.4 6.4 12.8 12.8 12.8zm-192 0h22.4c6.4 0 12.8-6.4 12.8-12.8V140.8c0-6.4-6.4-12.8-12.8-12.8h-22.4c-6.4 0-12.8 6.4-12.8 12.8v198.4c0 6.4 6.4 12.8 12.8 12.8zm96 0h22.4c6.4 0 12.8-6.4 12.8-12.8V204.8c0-6.4-6.4-12.8-12.8-12.8h-22.4c-6.4 0-12.8 6.4-12.8 12.8v134.4c0 6.4 6.4 12.8 12.8 12.8zM496 400H48V80c0-8.84-7.16-16-16-16H16C7.16 64 0 71.16 0 80v336c0 17.67 14.33 32 32 32h464c8.84 0 16-7.16 16-16v-16c0-8.84-7.16-16-16-16zm-387.2-48h22.4c6.4 0 12.8-6.4 12.8-12.8v-70.4c0-6.4-6.4-12.8-12.8-12.8h-22.4c-6.4 0-12.8 6.4-12.8 12.8v70.4c0 6.4 6.4 12.8 12.8 12.8z\" class=\"\"><\/path><\/svg><\/i> <img loading=\"lazy\" decoding=\"async\" width=\"16\" height=\"16\" alt=\"Loading\" src=\"https:\/\/i0.wp.com\/motricidade.com\/bocciaescola\/wp-content\/plugins\/page-views-count\/ajax-loader-2x.gif?resize=16%2C16&#038;ssl=1\" border=0 data-recalc-dims=\"1\" \/><\/p><div class=\"pvc_clear\"><\/div>","protected":false},"excerpt":{"rendered":"<p>Manuais de Atividade F\u00edsica Adaptada Esta cole\u00e7\u00e3o procura dar resposta \u00e0 escassez de recursos para profissionais no \u00e2mbito da promo\u00e7\u00e3o da atividade f\u00edsica adaptada, com o objetivo de generalizar o conceito de estilo de vida fisicamente ativo como sinal vital de sa\u00fade e bem-estar.&nbsp;A Professora Doutora Leonor Moniz Pereira, incontorn\u00e1vel especialista nesta \u00e1rea, \u00e9, tal [&hellip;]<\/p>\n<div class=\"pvc_clear\"><\/div>\n<p id=\"pvc_stats_857\" class=\"pvc_stats all  \" data-element-id=\"857\" style=\"\"><i class=\"pvc-stats-icon medium\" aria-hidden=\"true\"><svg aria-hidden=\"true\" focusable=\"false\" data-prefix=\"far\" data-icon=\"chart-bar\" role=\"img\" xmlns=\"http:\/\/www.w3.org\/2000\/svg\" viewBox=\"0 0 512 512\" class=\"svg-inline--fa fa-chart-bar fa-w-16 fa-2x\"><path fill=\"currentColor\" d=\"M396.8 352h22.4c6.4 0 12.8-6.4 12.8-12.8V108.8c0-6.4-6.4-12.8-12.8-12.8h-22.4c-6.4 0-12.8 6.4-12.8 12.8v230.4c0 6.4 6.4 12.8 12.8 12.8zm-192 0h22.4c6.4 0 12.8-6.4 12.8-12.8V140.8c0-6.4-6.4-12.8-12.8-12.8h-22.4c-6.4 0-12.8 6.4-12.8 12.8v198.4c0 6.4 6.4 12.8 12.8 12.8zm96 0h22.4c6.4 0 12.8-6.4 12.8-12.8V204.8c0-6.4-6.4-12.8-12.8-12.8h-22.4c-6.4 0-12.8 6.4-12.8 12.8v134.4c0 6.4 6.4 12.8 12.8 12.8zM496 400H48V80c0-8.84-7.16-16-16-16H16C7.16 64 0 71.16 0 80v336c0 17.67 14.33 32 32 32h464c8.84 0 16-7.16 16-16v-16c0-8.84-7.16-16-16-16zm-387.2-48h22.4c6.4 0 12.8-6.4 12.8-12.8v-70.4c0-6.4-6.4-12.8-12.8-12.8h-22.4c-6.4 0-12.8 6.4-12.8 12.8v70.4c0 6.4 6.4 12.8 12.8 12.8z\" class=\"\"><\/path><\/svg><\/i> <img loading=\"lazy\" decoding=\"async\" width=\"16\" height=\"16\" alt=\"Loading\" src=\"https:\/\/motricidade.com\/bocciaescola\/wp-content\/plugins\/page-views-count\/ajax-loader-2x.gif\" border=0 \/><\/p>\n<div class=\"pvc_clear\"><\/div>\n","protected":false},"author":1,"featured_media":859,"comment_status":"open","ping_status":"open","sticky":false,"template":"","format":"standard","meta":{"_uag_custom_page_level_css":"","advanced_seo_description":"","jetpack_seo_html_title":"","jetpack_seo_noindex":false,"footnotes":"","jetpack_publicize_message":"","jetpack_is_tweetstorm":false,"jetpack_publicize_feature_enabled":true,"jetpack_social_post_already_shared":true,"jetpack_social_options":{"image_generator_settings":{"template":"highway","enabled":false}}},"categories":[97,108],"tags":[135,106,128,147],"class_list":["post-857","post","type-post","status-publish","format-standard","has-post-thumbnail","hentry","category-formacao","category-programas","tag-desporto-adaptado","tag-desporto-escolar","tag-ebook","tag-manuais"],"jetpack_publicize_connections":[],"jetpack_featured_media_url":"https:\/\/motricidade.com\/wp-content\/uploads\/2023\/11\/Motricidade2023ManuaisAtvFisicaAdaptada-1024x576.jpg","uagb_featured_image_src":{"full":["https:\/\/motricidade.com\/wp-content\/uploads\/2023\/11\/Motricidade2023ManuaisAtvFisicaAdaptada-1024x576.jpg",1024,576,false],"thumbnail":["https:\/\/motricidade.com\/wp-content\/uploads\/2023\/11\/Motricidade2023ManuaisAtvFisicaAdaptada-1024x576.jpg",150,150,true],"medium":["https:\/\/motricidade.com\/wp-content\/uploads\/2023\/11\/Motricidade2023ManuaisAtvFisicaAdaptada-1024x576.jpg",300,169,true],"medium_large":["https:\/\/motricidade.com\/wp-content\/uploads\/2023\/11\/Motricidade2023ManuaisAtvFisicaAdaptada-1024x576.jpg",768,432,true],"large":["https:\/\/motricidade.com\/wp-content\/uploads\/2023\/11\/Motricidade2023ManuaisAtvFisicaAdaptada-1024x576.jpg",1024,576,true],"1536x1536":["https:\/\/motricidade.com\/wp-content\/uploads\/2023\/11\/Motricidade2023ManuaisAtvFisicaAdaptada-1024x576.jpg",1024,576,true],"2048x2048":["https:\/\/motricidade.com\/wp-content\/uploads\/2023\/11\/Motricidade2023ManuaisAtvFisicaAdaptada-1024x576.jpg",1024,576,true]},"uagb_author_info":{"display_name":"motricidade","author_link":"https:\/\/motricidade.com\/bocciaescola\/author\/motricidade\/"},"uagb_comment_info":0,"uagb_excerpt":"Manuais de Atividade F\u00edsica Adaptada Esta cole\u00e7\u00e3o procura dar resposta \u00e0 escassez de recursos para profissionais no \u00e2mbito da promo\u00e7\u00e3o da atividade f\u00edsica adaptada, com o objetivo de generalizar o conceito de estilo de vida fisicamente ativo como sinal vital de sa\u00fade e bem-estar.&nbsp;A Professora Doutora Leonor Moniz Pereira, incontorn\u00e1vel especialista nesta \u00e1rea, \u00e9, tal&hellip;","jetpack-related-posts":[],"jetpack_sharing_enabled":true,"_links":{"self":[{"href":"https:\/\/motricidade.com\/bocciaescola\/wp-json\/wp\/v2\/posts\/857","targetHints":{"allow":["GET"]}}],"collection":[{"href":"https:\/\/motricidade.com\/bocciaescola\/wp-json\/wp\/v2\/posts"}],"about":[{"href":"https:\/\/motricidade.com\/bocciaescola\/wp-json\/wp\/v2\/types\/post"}],"author":[{"embeddable":true,"href":"https:\/\/motricidade.com\/bocciaescola\/wp-json\/wp\/v2\/users\/1"}],"replies":[{"embeddable":true,"href":"https:\/\/motricidade.com\/bocciaescola\/wp-json\/wp\/v2\/comments?post=857"}],"version-history":[{"count":2,"href":"https:\/\/motricidade.com\/bocciaescola\/wp-json\/wp\/v2\/posts\/857\/revisions"}],"predecessor-version":[{"id":860,"href":"https:\/\/motricidade.com\/bocciaescola\/wp-json\/wp\/v2\/posts\/857\/revisions\/860"}],"wp:featuredmedia":[{"embeddable":true,"href":"https:\/\/motricidade.com\/bocciaescola\/wp-json\/wp\/v2\/media\/859"}],"wp:attachment":[{"href":"https:\/\/motricidade.com\/bocciaescola\/wp-json\/wp\/v2\/media?parent=857"}],"wp:term":[{"taxonomy":"category","embeddable":true,"href":"https:\/\/motricidade.com\/bocciaescola\/wp-json\/wp\/v2\/categories?post=857"},{"taxonomy":"post_tag","embeddable":true,"href":"https:\/\/motricidade.com\/bocciaescola\/wp-json\/wp\/v2\/tags?post=857"}],"curies":[{"name":"wp","href":"https:\/\/api.w.org\/{rel}","templated":true}]}}